{"id":1210,"date":"2021-07-29T08:20:47","date_gmt":"2021-07-29T06:20:47","guid":{"rendered":"https:\/\/corident.es\/quins-tipus-de-facetes-dentals-hi-ha\/"},"modified":"2022-06-02T16:32:30","modified_gmt":"2022-06-02T14:32:30","slug":"quins-tipus-de-facetes-dentals-hi-ha","status":"publish","type":"post","link":"https:\/\/corident.es\/ca\/quins-tipus-de-facetes-dentals-hi-ha\/","title":{"rendered":"Quins tipus de facetes dentals hi ha?"},"content":{"rendered":"\n<p><pre id=\"tw-target-text\" class=\"tw-data-text tw-text-large tw-ta\" dir=\"ltr\" data-placeholder=\"Traducci&#xF3;n\"><span class=\"Y2IQFc\" lang=\"ca\">Els pacients acudeixen a la nostra cl\u00ednica per salut, quan els fa un queixal, tenen una c\u00e0ries que hem de tractar, etc., i tamb\u00e9 ho fan per est\u00e8tica amb la idea de millorar el seu somriure, <strong>sent les facetes un dels tractaments preferits.<\/strong><\/span><\/pre><\/p>\n\n<p>Amb carilles de composite podem millorar el somriure dels nostres pacients d&#8217;una manera for\u00e7a senzilla sense desgastar les dents, en la majoria dels casos, no necessita la col\u00b7locaci\u00f3 d&#8217;anest\u00e8sia i es fan en un sol dia.<\/p>\n\n<h2 class=\"wp-block-heading\">Per qu\u00e8 serveixen les facetes dentals?<\/h2>\n\n<p>Amb el pas del temps, per incorrecta higiene, fumar, beure caf\u00e8 o problemes dentals, molts dels pacients v\u00e9nen amb les dents deteriorades.<\/p>\n\n<p><pre id=\"tw-target-text\" class=\"tw-data-text tw-text-large tw-ta\" dir=\"ltr\" data-placeholder=\"Traducci&#xF3;n\"><span class=\"Y2IQFc\" lang=\"ca\">Ens pregunten per la manera de millorar el seu somriure i aqu\u00ed on entren les facetes, que <strong>no s\u00f3n m\u00e9s que unes l\u00e0mines molt fines que poden ser de porcellana o de composite, i que s'adhereixen a la part anterior de les dents.<\/strong><\/span><\/pre><\/p>\n\n<p>Aix\u00ed, si ens preguntem per a qu\u00e8 serveixen les facetes dentals, no nom\u00e9s es realitzen per est\u00e8tica, es realitzen quan hi ha desgasts a les dents, quan es necessita guanyar espai per col\u00b7locar una pr\u00f2tesi o corones, per tancar espais, per canviar la forma o color no desitjats i fins i tot per corregir la mossegada.<\/p>\n\n<p>Les facetes funcionen com a protecci\u00f3 a la dent.<\/p>\n\n<h2 class=\"wp-block-heading\">Quins tipus de carilles dentals fem servir els odont\u00f2legs?<\/h2>\n\n<p><pre id=\"tw-target-text\" class=\"tw-data-text tw-text-large tw-ta\" dir=\"ltr\" data-placeholder=\"Traducci&#xF3;n\"><span class=\"Y2IQFc\" lang=\"ca\">A la nostra cl\u00ednica podem fer servir dos tipus de carilles, les de porcellana, de silicat de liti i les de composite.<\/span><\/pre><\/p>\n\n<p>Nosaltres treballem m\u00e9s amb aquest tipus de carilles, s\u00f3n un material de resina sint\u00e8tica. Les facetes de composite directes s\u00f3n col\u00b7locades de forma progressiva i per capes sobre la dent. Solem fer-les en tan sols 1 dia.<\/p>\n\n<p>Els pacients amb malaltia periodontal on veiem l&#8217;arrel de la dent, separaci\u00f3 i petits triangles foscos, envelleix el somriure, per aix\u00f2 se li recomana aquest tipus de carilles ja que li podem donar la forma agradable a la vista de la dent i el somriure.<\/p>\n\n<h3 class=\"wp-block-heading\">Es poden reparar?<\/h3>\n\n<p>La resposta \u00e9s afirmativa en tots dos casos. Cal fer un control posterior peri\u00f2dics d&#8217;aquest tractament, ja que aix\u00ed allarguem la vida de les carilles i el seu bon estat.<\/p>\n\n<p>En el cas de les de porcellana, l&#8217;arranjament de les facetes trencades es fa al laboratori.<\/p>\n\n<p>Les de composite les arreglem nosaltres a la cl\u00ednica en el moment.<\/p>\n\n<p><pre id=\"tw-target-text\" class=\"tw-data-text tw-text-large tw-ta\" dir=\"ltr\" data-placeholder=\"Traducci&#xF3;n\"><strong><span class=\"Y2IQFc\" lang=\"ca\">Analitzem cada cas de forma individual i fem una valoraci\u00f3 pr\u00e8via, on expliquem al pacient com farem el tractament, perqu\u00e8 tingui el somriure que tant desitja.<\/span><\/strong><\/pre><\/p>\n\n<p><pre id=\"tw-target-text\" class=\"tw-data-text tw-text-large tw-ta\" dir=\"ltr\" data-placeholder=\"Traducci&#xF3;n\"><a href=\"https:\/\/clientes.gestiondeclinica.es\/Salud20\/SolicitarCita.aspx?t=mizNXRcpVCVayaaU5IOuxg%3d%3d\" target=\"_blank\" rel=\"noopener\"><span class=\"Y2IQFc\" lang=\"ca\">Demana ja la teva cita.<\/span><\/a><\/pre><\/p>\n","protected":false},"excerpt":{"rendered":"<p>Els pacients acudeixen a la nostra cl\u00ednica per salut, quan els fa un queixal, tenen una c\u00e0ries que hem de tractar, etc., i tamb\u00e9 ho fan per est\u00e8tica amb la idea de millorar el seu somriure, sent les facetes un dels tractaments preferits. Amb carilles de composite podem millorar el somriure dels nostres pacients d&#8217;una [&hellip;]<\/p>\n","protected":false},"author":1,"featured_media":1111,"comment_status":"closed","ping_status":"closed","sticky":false,"template":"","format":"standard","meta":{"inline_featured_image":false,"footnotes":""},"categories":[17],"tags":[],"class_list":["post-1210","post","type-post","status-publish","format-standard","has-post-thumbnail","hentry","category-uncategorized-ca"],"yoast_head":"<!-- This site is optimized with the Yoast SEO plugin v26.8 - https:\/\/yoast.com\/product\/yoast-seo-wordpress\/ -->\n<title>Quins tipus de facetes dentals hi ha? - Corident<\/title>\n<meta name=\"description\" content=\"T&#039;has plantejat posar-te carilles dentals? Si vols saber com \u00e9s el tractament, qu\u00e8 s\u00f3n i per a qu\u00e8 serveixen, descobreix-ho aqu\u00ed!\" \/>\n<meta name=\"robots\" content=\"index, follow, max-snippet:-1, max-image-preview:large, max-video-preview:-1\" \/>\n<link rel=\"canonical\" href=\"https:\/\/corident.es\/ca\/quins-tipus-de-facetes-dentals-hi-ha\/\" \/>\n<meta property=\"og:locale\" content=\"ca_ES\" \/>\n<meta property=\"og:type\" content=\"article\" \/>\n<meta property=\"og:title\" content=\"Quins tipus de facetes dentals hi ha? - Corident\" \/>\n<meta property=\"og:description\" content=\"T&#039;has plantejat posar-te carilles dentals? Si vols saber com \u00e9s el tractament, qu\u00e8 s\u00f3n i per a qu\u00e8 serveixen, descobreix-ho aqu\u00ed!\" \/>\n<meta property=\"og:url\" content=\"https:\/\/corident.es\/ca\/quins-tipus-de-facetes-dentals-hi-ha\/\" \/>\n<meta property=\"og:site_name\" content=\"Corident\" \/>\n<meta property=\"article:published_time\" content=\"2021-07-29T06:20:47+00:00\" \/>\n<meta property=\"article:modified_time\" content=\"2022-06-02T14:32:30+00:00\" \/>\n<meta property=\"og:image\" content=\"https:\/\/corident.es\/wp-content\/uploads\/2021\/07\/carillas-dentales-dentista.jpg\" \/>\n\t<meta property=\"og:image:width\" content=\"1100\" \/>\n\t<meta property=\"og:image:height\" content=\"500\" \/>\n\t<meta property=\"og:image:type\" content=\"image\/jpeg\" \/>\n<meta name=\"author\" content=\"admin\" \/>\n<meta name=\"twitter:card\" content=\"summary_large_image\" \/>\n<meta name=\"twitter:label1\" content=\"Escrit per\" \/>\n\t<meta name=\"twitter:data1\" content=\"admin\" \/>\n\t<meta name=\"twitter:label2\" content=\"Temps estimat de lectura\" \/>\n\t<meta name=\"twitter:data2\" content=\"2 minuts\" \/>\n<script type=\"application\/ld+json\" class=\"yoast-schema-graph\">{\"@context\":\"https:\/\/schema.org\",\"@graph\":[{\"@type\":\"Article\",\"@id\":\"https:\/\/corident.es\/ca\/quins-tipus-de-facetes-dentals-hi-ha\/#article\",\"isPartOf\":{\"@id\":\"https:\/\/corident.es\/ca\/quins-tipus-de-facetes-dentals-hi-ha\/\"},\"author\":{\"name\":\"admin\",\"@id\":\"https:\/\/corident.es\/#\/schema\/person\/1e6504f38181e7ab0da71c1fac531b18\"},\"headline\":\"Quins tipus de facetes dentals hi ha?\",\"datePublished\":\"2021-07-29T06:20:47+00:00\",\"dateModified\":\"2022-06-02T14:32:30+00:00\",\"mainEntityOfPage\":{\"@id\":\"https:\/\/corident.es\/ca\/quins-tipus-de-facetes-dentals-hi-ha\/\"},\"wordCount\":303,\"publisher\":{\"@id\":\"https:\/\/corident.es\/#organization\"},\"image\":{\"@id\":\"https:\/\/corident.es\/ca\/quins-tipus-de-facetes-dentals-hi-ha\/#primaryimage\"},\"thumbnailUrl\":\"https:\/\/corident.es\/wp-content\/uploads\/2021\/07\/carillas-dentales-dentista.jpg\",\"articleSection\":[\"Uncategorized @ca\"],\"inLanguage\":\"ca\"},{\"@type\":\"WebPage\",\"@id\":\"https:\/\/corident.es\/ca\/quins-tipus-de-facetes-dentals-hi-ha\/\",\"url\":\"https:\/\/corident.es\/ca\/quins-tipus-de-facetes-dentals-hi-ha\/\",\"name\":\"Quins tipus de facetes dentals hi ha? - Corident\",\"isPartOf\":{\"@id\":\"https:\/\/corident.es\/#website\"},\"primaryImageOfPage\":{\"@id\":\"https:\/\/corident.es\/ca\/quins-tipus-de-facetes-dentals-hi-ha\/#primaryimage\"},\"image\":{\"@id\":\"https:\/\/corident.es\/ca\/quins-tipus-de-facetes-dentals-hi-ha\/#primaryimage\"},\"thumbnailUrl\":\"https:\/\/corident.es\/wp-content\/uploads\/2021\/07\/carillas-dentales-dentista.jpg\",\"datePublished\":\"2021-07-29T06:20:47+00:00\",\"dateModified\":\"2022-06-02T14:32:30+00:00\",\"description\":\"T'has plantejat posar-te carilles dentals? Si vols saber com \u00e9s el tractament, qu\u00e8 s\u00f3n i per a qu\u00e8 serveixen, descobreix-ho aqu\u00ed!\",\"breadcrumb\":{\"@id\":\"https:\/\/corident.es\/ca\/quins-tipus-de-facetes-dentals-hi-ha\/#breadcrumb\"},\"inLanguage\":\"ca\",\"potentialAction\":[{\"@type\":\"ReadAction\",\"target\":[\"https:\/\/corident.es\/ca\/quins-tipus-de-facetes-dentals-hi-ha\/\"]}]},{\"@type\":\"ImageObject\",\"inLanguage\":\"ca\",\"@id\":\"https:\/\/corident.es\/ca\/quins-tipus-de-facetes-dentals-hi-ha\/#primaryimage\",\"url\":\"https:\/\/corident.es\/wp-content\/uploads\/2021\/07\/carillas-dentales-dentista.jpg\",\"contentUrl\":\"https:\/\/corident.es\/wp-content\/uploads\/2021\/07\/carillas-dentales-dentista.jpg\",\"width\":1100,\"height\":500},{\"@type\":\"BreadcrumbList\",\"@id\":\"https:\/\/corident.es\/ca\/quins-tipus-de-facetes-dentals-hi-ha\/#breadcrumb\",\"itemListElement\":[{\"@type\":\"ListItem\",\"position\":1,\"name\":\"Portada\",\"item\":\"https:\/\/corident.es\/\"},{\"@type\":\"ListItem\",\"position\":2,\"name\":\"Quins tipus de facetes dentals hi ha?\"}]},{\"@type\":\"WebSite\",\"@id\":\"https:\/\/corident.es\/#website\",\"url\":\"https:\/\/corident.es\/\",\"name\":\"Corident\",\"description\":\"R\u00edete a carcajadas\",\"publisher\":{\"@id\":\"https:\/\/corident.es\/#organization\"},\"potentialAction\":[{\"@type\":\"SearchAction\",\"target\":{\"@type\":\"EntryPoint\",\"urlTemplate\":\"https:\/\/corident.es\/?s={search_term_string}\"},\"query-input\":{\"@type\":\"PropertyValueSpecification\",\"valueRequired\":true,\"valueName\":\"search_term_string\"}}],\"inLanguage\":\"ca\"},{\"@type\":\"Organization\",\"@id\":\"https:\/\/corident.es\/#organization\",\"name\":\"Corident\",\"url\":\"https:\/\/corident.es\/\",\"logo\":{\"@type\":\"ImageObject\",\"inLanguage\":\"ca\",\"@id\":\"https:\/\/corident.es\/#\/schema\/logo\/image\/\",\"url\":\"https:\/\/corident.es\/wp-content\/uploads\/2021\/07\/logotipo.svg\",\"contentUrl\":\"https:\/\/corident.es\/wp-content\/uploads\/2021\/07\/logotipo.svg\",\"width\":343,\"height\":100,\"caption\":\"Corident\"},\"image\":{\"@id\":\"https:\/\/corident.es\/#\/schema\/logo\/image\/\"}},{\"@type\":\"Person\",\"@id\":\"https:\/\/corident.es\/#\/schema\/person\/1e6504f38181e7ab0da71c1fac531b18\",\"name\":\"admin\",\"image\":{\"@type\":\"ImageObject\",\"inLanguage\":\"ca\",\"@id\":\"https:\/\/corident.es\/#\/schema\/person\/image\/\",\"url\":\"https:\/\/secure.gravatar.com\/avatar\/ceeccdf95c90c48737c22e3d50fd569f41356aab76f9c48649cff0f2e2c16913?s=96&d=mm&r=g\",\"contentUrl\":\"https:\/\/secure.gravatar.com\/avatar\/ceeccdf95c90c48737c22e3d50fd569f41356aab76f9c48649cff0f2e2c16913?s=96&d=mm&r=g\",\"caption\":\"admin\"}}]}<\/script>\n<!-- \/ Yoast SEO plugin. -->","yoast_head_json":{"title":"Quins tipus de facetes dentals hi ha? - Corident","description":"T'has plantejat posar-te carilles dentals? Si vols saber com \u00e9s el tractament, qu\u00e8 s\u00f3n i per a qu\u00e8 serveixen, descobreix-ho aqu\u00ed!","robots":{"index":"index","follow":"follow","max-snippet":"max-snippet:-1","max-image-preview":"max-image-preview:large","max-video-preview":"max-video-preview:-1"},"canonical":"https:\/\/corident.es\/ca\/quins-tipus-de-facetes-dentals-hi-ha\/","og_locale":"ca_ES","og_type":"article","og_title":"Quins tipus de facetes dentals hi ha? - Corident","og_description":"T'has plantejat posar-te carilles dentals? Si vols saber com \u00e9s el tractament, qu\u00e8 s\u00f3n i per a qu\u00e8 serveixen, descobreix-ho aqu\u00ed!","og_url":"https:\/\/corident.es\/ca\/quins-tipus-de-facetes-dentals-hi-ha\/","og_site_name":"Corident","article_published_time":"2021-07-29T06:20:47+00:00","article_modified_time":"2022-06-02T14:32:30+00:00","og_image":[{"width":1100,"height":500,"url":"https:\/\/corident.es\/wp-content\/uploads\/2021\/07\/carillas-dentales-dentista.jpg","type":"image\/jpeg"}],"author":"admin","twitter_card":"summary_large_image","twitter_misc":{"Escrit per":"admin","Temps estimat de lectura":"2 minuts"},"schema":{"@context":"https:\/\/schema.org","@graph":[{"@type":"Article","@id":"https:\/\/corident.es\/ca\/quins-tipus-de-facetes-dentals-hi-ha\/#article","isPartOf":{"@id":"https:\/\/corident.es\/ca\/quins-tipus-de-facetes-dentals-hi-ha\/"},"author":{"name":"admin","@id":"https:\/\/corident.es\/#\/schema\/person\/1e6504f38181e7ab0da71c1fac531b18"},"headline":"Quins tipus de facetes dentals hi ha?","datePublished":"2021-07-29T06:20:47+00:00","dateModified":"2022-06-02T14:32:30+00:00","mainEntityOfPage":{"@id":"https:\/\/corident.es\/ca\/quins-tipus-de-facetes-dentals-hi-ha\/"},"wordCount":303,"publisher":{"@id":"https:\/\/corident.es\/#organization"},"image":{"@id":"https:\/\/corident.es\/ca\/quins-tipus-de-facetes-dentals-hi-ha\/#primaryimage"},"thumbnailUrl":"https:\/\/corident.es\/wp-content\/uploads\/2021\/07\/carillas-dentales-dentista.jpg","articleSection":["Uncategorized @ca"],"inLanguage":"ca"},{"@type":"WebPage","@id":"https:\/\/corident.es\/ca\/quins-tipus-de-facetes-dentals-hi-ha\/","url":"https:\/\/corident.es\/ca\/quins-tipus-de-facetes-dentals-hi-ha\/","name":"Quins tipus de facetes dentals hi ha? - Corident","isPartOf":{"@id":"https:\/\/corident.es\/#website"},"primaryImageOfPage":{"@id":"https:\/\/corident.es\/ca\/quins-tipus-de-facetes-dentals-hi-ha\/#primaryimage"},"image":{"@id":"https:\/\/corident.es\/ca\/quins-tipus-de-facetes-dentals-hi-ha\/#primaryimage"},"thumbnailUrl":"https:\/\/corident.es\/wp-content\/uploads\/2021\/07\/carillas-dentales-dentista.jpg","datePublished":"2021-07-29T06:20:47+00:00","dateModified":"2022-06-02T14:32:30+00:00","description":"T'has plantejat posar-te carilles dentals? Si vols saber com \u00e9s el tractament, qu\u00e8 s\u00f3n i per a qu\u00e8 serveixen, descobreix-ho aqu\u00ed!","breadcrumb":{"@id":"https:\/\/corident.es\/ca\/quins-tipus-de-facetes-dentals-hi-ha\/#breadcrumb"},"inLanguage":"ca","potentialAction":[{"@type":"ReadAction","target":["https:\/\/corident.es\/ca\/quins-tipus-de-facetes-dentals-hi-ha\/"]}]},{"@type":"ImageObject","inLanguage":"ca","@id":"https:\/\/corident.es\/ca\/quins-tipus-de-facetes-dentals-hi-ha\/#primaryimage","url":"https:\/\/corident.es\/wp-content\/uploads\/2021\/07\/carillas-dentales-dentista.jpg","contentUrl":"https:\/\/corident.es\/wp-content\/uploads\/2021\/07\/carillas-dentales-dentista.jpg","width":1100,"height":500},{"@type":"BreadcrumbList","@id":"https:\/\/corident.es\/ca\/quins-tipus-de-facetes-dentals-hi-ha\/#breadcrumb","itemListElement":[{"@type":"ListItem","position":1,"name":"Portada","item":"https:\/\/corident.es\/"},{"@type":"ListItem","position":2,"name":"Quins tipus de facetes dentals hi ha?"}]},{"@type":"WebSite","@id":"https:\/\/corident.es\/#website","url":"https:\/\/corident.es\/","name":"Corident","description":"R\u00edete a carcajadas","publisher":{"@id":"https:\/\/corident.es\/#organization"},"potentialAction":[{"@type":"SearchAction","target":{"@type":"EntryPoint","urlTemplate":"https:\/\/corident.es\/?s={search_term_string}"},"query-input":{"@type":"PropertyValueSpecification","valueRequired":true,"valueName":"search_term_string"}}],"inLanguage":"ca"},{"@type":"Organization","@id":"https:\/\/corident.es\/#organization","name":"Corident","url":"https:\/\/corident.es\/","logo":{"@type":"ImageObject","inLanguage":"ca","@id":"https:\/\/corident.es\/#\/schema\/logo\/image\/","url":"https:\/\/corident.es\/wp-content\/uploads\/2021\/07\/logotipo.svg","contentUrl":"https:\/\/corident.es\/wp-content\/uploads\/2021\/07\/logotipo.svg","width":343,"height":100,"caption":"Corident"},"image":{"@id":"https:\/\/corident.es\/#\/schema\/logo\/image\/"}},{"@type":"Person","@id":"https:\/\/corident.es\/#\/schema\/person\/1e6504f38181e7ab0da71c1fac531b18","name":"admin","image":{"@type":"ImageObject","inLanguage":"ca","@id":"https:\/\/corident.es\/#\/schema\/person\/image\/","url":"https:\/\/secure.gravatar.com\/avatar\/ceeccdf95c90c48737c22e3d50fd569f41356aab76f9c48649cff0f2e2c16913?s=96&d=mm&r=g","contentUrl":"https:\/\/secure.gravatar.com\/avatar\/ceeccdf95c90c48737c22e3d50fd569f41356aab76f9c48649cff0f2e2c16913?s=96&d=mm&r=g","caption":"admin"}}]}},"_links":{"self":[{"href":"https:\/\/corident.es\/ca\/wp-json\/wp\/v2\/posts\/1210","targetHints":{"allow":["GET"]}}],"collection":[{"href":"https:\/\/corident.es\/ca\/wp-json\/wp\/v2\/posts"}],"about":[{"href":"https:\/\/corident.es\/ca\/wp-json\/wp\/v2\/types\/post"}],"author":[{"embeddable":true,"href":"https:\/\/corident.es\/ca\/wp-json\/wp\/v2\/users\/1"}],"replies":[{"embeddable":true,"href":"https:\/\/corident.es\/ca\/wp-json\/wp\/v2\/comments?post=1210"}],"version-history":[{"count":1,"href":"https:\/\/corident.es\/ca\/wp-json\/wp\/v2\/posts\/1210\/revisions"}],"predecessor-version":[{"id":1211,"href":"https:\/\/corident.es\/ca\/wp-json\/wp\/v2\/posts\/1210\/revisions\/1211"}],"wp:featuredmedia":[{"embeddable":true,"href":"https:\/\/corident.es\/ca\/wp-json\/wp\/v2\/media\/1111"}],"wp:attachment":[{"href":"https:\/\/corident.es\/ca\/wp-json\/wp\/v2\/media?parent=1210"}],"wp:term":[{"taxonomy":"category","embeddable":true,"href":"https:\/\/corident.es\/ca\/wp-json\/wp\/v2\/categories?post=1210"},{"taxonomy":"post_tag","embeddable":true,"href":"https:\/\/corident.es\/ca\/wp-json\/wp\/v2\/tags?post=1210"}],"curies":[{"name":"wp","href":"https:\/\/api.w.org\/{rel}","templated":true}]}}